{"id":6114,"date":"2015-12-10T22:18:09","date_gmt":"2015-12-10T22:18:09","guid":{"rendered":"http:\/\/12tribus.net\/escritura\/2ti04\/"},"modified":"2020-03-10T10:02:37","modified_gmt":"2020-03-10T14:02:37","slug":"2ti04","status":"publish","type":"post","link":"https:\/\/12tribus.net\/escritura\/2ti04\/","title":{"rendered":"2 Timoteo 4"},"content":{"rendered":"<div class=\"main\">\r\n<div class=\"chapterlabel\" id=\"V0\"> 4<\/div><div class=\"p\"> \r\n <span class=\"verse\" id=\"V1\">1\u00a0<\/span> REQUIERO yo pues delante de Dios, y del Se\u00f1or Jesucristo, que ha de juzgar \u00e1 los vivos y los muertos en su manifestaci\u00f3n y en su reino,  <span class=\"verse\" id=\"V2\">2\u00a0<\/span> Que prediques la palabra; que instes \u00e1 tiempo y fuera de tiempo; redarguye, reprende, exhorta con toda paciencia y doctrina.  <span class=\"verse\" id=\"V3\">3\u00a0<\/span> Porque vendr\u00e1 tiempo cuando no sufrir\u00e1n la sana doctrina; antes, teniendo comez\u00f3n de oir, se amontonar\u00e1n maestros conforme \u00e1 sus concupiscencias,  <span class=\"verse\" id=\"V4\">4\u00a0<\/span> Y apartar\u00e1n de la verdad el o\u00eddo, y se volver\u00e1n \u00e1 las f\u00e1bulas.  <span class=\"verse\" id=\"V5\">5\u00a0<\/span> Pero t\u00fa vela en todo, soporta las aflicciones, haz la obra de evangelista, cumple tu ministerio.  <span class=\"verse\" id=\"V6\">6\u00a0<\/span> Porque yo ya estoy para ser ofrecido, y el tiempo de mi partida est\u00e1 cercano.  <span class=\"verse\" id=\"V7\">7\u00a0<\/span> He peleado la buena batalla, he acabado la carrera, he guardado la fe.  <span class=\"verse\" id=\"V8\">8\u00a0<\/span> Por lo dem\u00e1s, me est\u00e1 guardada la corona de justicia, la cual me dar\u00e1 el Se\u00f1or, juez justo, en aquel d\u00eda; y no s\u00f3lo \u00e1 m\u00ed, sino tambi\u00e9n \u00e1 todos los que aman su venida.  <span class=\"verse\" id=\"V9\">9\u00a0<\/span> Procura venir presto \u00e1 m\u00ed:  <span class=\"verse\" id=\"V10\">10\u00a0<\/span> Porque Demas me ha desamparado, amando este siglo, y se ha ido \u00e1 Tesal\u00f3nica; Crescente \u00e1 Galacia, Tito \u00e1 Dalmacia.  <span class=\"verse\" id=\"V11\">11\u00a0<\/span> Lucas solo est\u00e1 conmigo. Toma \u00e1 Marcos, y tr\u00e1ele contigo; porque me es \u00fatil para el ministerio.  <span class=\"verse\" id=\"V12\">12\u00a0<\/span> A Tych\u00eeco envi\u00e9 \u00e1 Efeso.  <span class=\"verse\" id=\"V13\">13\u00a0<\/span> Trae, cuando vinieres, el capote que dej\u00e9 en Troas en casa de Carpo: y los libros, mayormente los pergaminos.  <span class=\"verse\" id=\"V14\">14\u00a0<\/span> Alejandro el calderero me ha causado muchos males: el Se\u00f1or le pague conforme \u00e1 sus hechos.  <span class=\"verse\" id=\"V15\">15\u00a0<\/span> Gu\u00e1rdate t\u00fa tambi\u00e9n de \u00e9l; que en grande manera ha resistido \u00e1 nuestras palabras.  <span class=\"verse\" id=\"V16\">16\u00a0<\/span> En mi primera defensa ninguno me ayud\u00f3, antes me desampararon todos: no les sea imputado.  <span class=\"verse\" id=\"V17\">17\u00a0<\/span> Mas el Se\u00f1or me ayud\u00f3, y me esforz\u00f3 para que por m\u00ed fuese cumplida la predicaci\u00f3n, y todos los Gentiles oyesen; y fu\u00ed librado de la boca del le\u00f3n.  <span class=\"verse\" id=\"V18\">18\u00a0<\/span> Y el Se\u00f1or me librar\u00e1 de toda obra mala, y me preservar\u00e1 para su reino celestial: al cual <span class=\"add\">sea<\/span> gloria por los siglos de los siglos. Am\u00e9n.  <span class=\"verse\" id=\"V19\">19\u00a0<\/span> Saluda \u00e1 Prisca y \u00e1 Aquila, y \u00e1 la casa de Ones\u00edforo.  <span class=\"verse\" id=\"V20\">20\u00a0<\/span> Erasto se qued\u00f3 en Corinto; y \u00e1 Tr\u00f3fimo dej\u00e9 en Mileto enfermo.  <span class=\"verse\" id=\"V21\">21\u00a0<\/span> Procura venir antes del invierno. Eubulo te saluda, y Pudente, y Lino, y Claudia, y todos los hermanos.  <span class=\"verse\" id=\"V22\">22\u00a0<\/span> El Se\u00f1or Jesucristo sea con tu esp\u00edritu. La gracia sea con vosotros. Am\u00e9n. La segunda <span class=\"add\">ep\u00edstola<\/span> \u00e1 Timoteo, el cual fu\u00e9 el primer obispo ordenado en Efeso, fu\u00e9 escrita de Roma, cuando Pablo fu\u00e9 presentado la segunda vez \u00e1 C\u00e9sar Ner\u00f3n.  <\/div><hr>\r\n<\/div>\r\n\r\n  <div class=\"chapters\">\r\n    <h3>Cap\u00edtulos de 2 Timoteo<\/h3>\r\n    <a href=\"http:\/\/12tribus.net\/escritura\/2ti01\">1<\/a>\r\n    <a href=\"http:\/\/12tribus.net\/escritura\/2ti02\">2<\/a>\r\n    <a href=\"http:\/\/12tribus.net\/escritura\/2ti03\">3<\/a>\r\n    <a href=\"http:\/\/12tribus.net\/escritura\/2ti04\">4<\/a>\r\n  <\/div>\r\n  \r\n","protected":false},"excerpt":{"rendered":"<p>4 1\u00a0 REQUIERO yo pues delante de Dios, y del Se\u00f1or Jesucristo, que ha de juzgar \u00e1 los vivos y los muertos en su manifestaci\u00f3n y en su reino, 2\u00a0 Que prediques la palabra; que instes \u00e1 tiempo y fuera de tiempo; redarguye, reprende, exhorta con toda paciencia y doctrina. 3\u00a0 Porque vendr\u00e1 tiempo cuando no sufrir\u00e1n la sana doctrina; antes, teniendo comez\u00f3n de oir, se amontonar\u00e1n maestros conforme \u00e1 sus concupiscencias, 4\u00a0 Y apartar\u00e1n de la verdad el o\u00eddo, y se volver\u00e1n \u00e1 las f\u00e1bulas. 5\u00a0 Pero t\u00fa vela en todo, soporta las aflicciones, haz la obra de evangelista, cumple tu ministerio. 6\u00a0 Porque yo ya estoy para ser ofrecido, y el tiempo de mi partida est\u00e1 cercano. 7\u00a0 He peleado la buena batalla, he acabado la carrera, he guardado la fe. 8\u00a0 Por lo dem\u00e1s, me est\u00e1 guardada la corona de justicia, la cual me dar\u00e1 el Se\u00f1or, juez justo, en aquel d\u00eda; y no s\u00f3lo \u00e1 m\u00ed, sino tambi\u00e9n \u00e1 todos los que aman su venida. 9\u00a0 Procura venir presto \u00e1 m\u00ed: 10\u00a0 Porque Demas me ha desamparado, amando este siglo, y se ha ido \u00e1 Tesal\u00f3nica; Crescente \u00e1 Galacia, Tito \u00e1 Dalmacia. 11\u00a0 Lucas solo est\u00e1 conmigo. Toma \u00e1 Marcos, y tr\u00e1ele contigo; porque me es \u00fatil para el ministerio. 12\u00a0 A Tych\u00eeco envi\u00e9 \u00e1 Efeso. 13\u00a0 Trae, cuando vinieres, el capote que dej\u00e9 en Troas en casa de Carpo: y los libros, mayormente los pergaminos. 14\u00a0 Alejandro el calderero me ha causado muchos males: el Se\u00f1or le pague conforme \u00e1 sus hechos. 15\u00a0 Gu\u00e1rdate t\u00fa tambi\u00e9n de \u00e9l; que en grande manera ha resistido \u00e1 nuestras palabras. 16\u00a0 En mi primera defensa ninguno me ayud\u00f3, antes me desampararon todos: no les sea imputado. 17\u00a0 Mas el Se\u00f1or me ayud\u00f3, y me esforz\u00f3 para que por&#8230;<\/p>\n","protected":false},"author":1,"featured_media":0,"comment_status":"closed","ping_status":"closed","sticky":false,"template":"","format":"standard","meta":{"jetpack_post_was_ever_published":false,"_jetpack_newsletter_access":"","_jetpack_dont_email_post_to_subs":false,"_jetpack_newsletter_tier_id":0,"_jetpack_memberships_contains_paywalled_content":false,"_jetpack_memberships_contains_paid_content":false,"footnotes":""},"categories":[3],"tags":[],"class_list":["post-6114","post","type-post","status-publish","format-standard","hentry","category-nuevotestamento"],"jetpack_featured_media_url":"","jetpack_sharing_enabled":true,"_links":{"self":[{"href":"https:\/\/12tribus.net\/escritura\/wp-json\/wp\/v2\/posts\/6114","targetHints":{"allow":["GET"]}}],"collection":[{"href":"https:\/\/12tribus.net\/escritura\/wp-json\/wp\/v2\/posts"}],"about":[{"href":"https:\/\/12tribus.net\/escritura\/wp-json\/wp\/v2\/types\/post"}],"author":[{"embeddable":true,"href":"https:\/\/12tribus.net\/escritura\/wp-json\/wp\/v2\/users\/1"}],"replies":[{"embeddable":true,"href":"https:\/\/12tribus.net\/escritura\/wp-json\/wp\/v2\/comments?post=6114"}],"version-history":[{"count":2,"href":"https:\/\/12tribus.net\/escritura\/wp-json\/wp\/v2\/posts\/6114\/revisions"}],"predecessor-version":[{"id":7763,"href":"https:\/\/12tribus.net\/escritura\/wp-json\/wp\/v2\/posts\/6114\/revisions\/7763"}],"wp:attachment":[{"href":"https:\/\/12tribus.net\/escritura\/wp-json\/wp\/v2\/media?parent=6114"}],"wp:term":[{"taxonomy":"category","embeddable":true,"href":"https:\/\/12tribus.net\/escritura\/wp-json\/wp\/v2\/categories?post=6114"},{"taxonomy":"post_tag","embeddable":true,"href":"https:\/\/12tribus.net\/escritura\/wp-json\/wp\/v2\/tags?post=6114"}],"curies":[{"name":"wp","href":"https:\/\/api.w.org\/{rel}","templated":true}]}}